{"id":3279,"date":"2025-05-01T13:40:05","date_gmt":"2025-05-01T13:40:05","guid":{"rendered":"https:\/\/zsrevamp.com\/?p=3279"},"modified":"2025-05-06T15:54:46","modified_gmt":"2025-05-06T15:54:46","slug":"illemszabalyok-es-oltozkodesi-etikett-a-ceges-vacsoran","status":"publish","type":"post","link":"https:\/\/zsidai.com\/hu\/illemszabalyok-es-oltozkodesi-etikett-a-ceges-vacsoran\/","title":{"rendered":"ILLEMSZAB\u00c1LYOK \u00c9S \u00d6LT\u00d6ZK\u00d6D\u00c9SI ETIKETT A C\u00c9GES VACSOR\u00c1N"},"content":{"rendered":"\n<p>Az illemszab\u00e1lyok, valamint az \u00f6lt\u00f6zk\u00f6d\u00e9si etikett ismerete rendk\u00edv\u00fcl fontos a c\u00e9ges vacsor\u00e1n, hiszen a nem megfelel\u0151 megjelen\u00e9s \u00e9s viselked\u00e9s ak\u00e1r karrier\u00fcnkre is befoly\u00e1ssal lehet!<\/p>\n\n\n\n<p>Manaps\u00e1g m\u00e1r a legt\u00f6bb c\u00e9g egy \u00e9vz\u00e1r\u00f3 buli vagy \u00e9vz\u00e1r\u00f3 vacsora keretein bel\u00fcl \u00e9rt\u00e9keli az elm\u00falt esztend\u0151t, \u00e9s k\u00f6sz\u00f6ni meg a dolgoz\u00f3k, illetve az egy\u00fcttm\u0171k\u00f6d\u0151 partnerek munk\u00e1j\u00e1t. Nem v\u00e9letlen\u00fcl v\u00e1ltak ilyen n\u00e9pszer\u0171v\u00e9 ezek a c\u00e9ges vacsor\u00e1k, hiszen a vezet\u0151k kezdik felismerni azt a t\u00e9nyt, hogy egy kis jutalmaz\u00e1ssal, dics\u00e9rettel nagyban befoly\u00e1solhatj\u00e1k a dolgoz\u00f3k teljes\u00edtm\u00e9ny\u00e9t, illetve megadhatj\u00e1k sz\u00e1mukra a kell\u0151 motiv\u00e1ci\u00f3t a k\u00f6vetkez\u0151 \u00e9vre. Sok esetben a koll\u00e9g\u00e1kban, partnerekben azonban felmer\u00fcl a k\u00e9rd\u00e9s, hogy mennyire form\u00e1lis egy-egy ilyen alkalom \u2013&nbsp;milyen \u00f6lt\u00f6z\u00e9k, viselked\u00e9s illik az est\u00e9hez? Ehhez adunk tan\u00e1csokat az al\u00e1bbiakban.<\/p>\n\n\n\n<p>Amennyiben \u00d6nre h\u00e1rult az az igaz\u00e1n felel\u0151ss\u00e9gteljes \u00e9s fontos feladat, hogy megszervezze a t\u00f6k\u00e9letes c\u00e9ges vacsor\u00e1t, mindenk\u00e9pp sz\u00fcks\u00e9ge lesz egy k\u00fcl\u00f6nleges helysz\u00ednre, mely megfelel\u0151en k\u00e9pviseli a c\u00e9g szellemis\u00e9g\u00e9t \u00e9s k\u00e9pes kiel\u00e9g\u00edteni a partnerek \u00e9s a dolgoz\u00f3k minden gasztron\u00f3miai ig\u00e9ny\u00e9t. Portfoli\u00f3nk sz\u00e1mos nagynev\u0171 rendezv\u00e9nyhelysz\u00ednnel rendelkezik, melyek kiv\u00e1l\u00f3an alkalmasak m\u00e9g a k\u00fcl\u00f6nleges ig\u00e9ny\u0171 c\u00e9ges \u00e9vz\u00e1r\u00f3 vacsor\u00e1k lebonyol\u00edt\u00e1s\u00e1ra is. Ha szeretne t\u00f6bb inform\u00e1ci\u00f3t kapni a helysz\u00ednekr\u0151l, melyeket csapatunk a c\u00e9ges vacsor\u00e1kra ide\u00e1lisnak tart, ide kattintva t\u00e1j\u00e9koz\u00f3dhat:&nbsp;<a href=\"https:\/\/zsidai.com\/ceges-evzaro-vacsora-budapesten.html\" target=\"_blank\" rel=\"noreferrer noopener\">c\u00e9ges \u00e9vz\u00e1r\u00f3 vacsora Budapesten<\/a>&nbsp;<\/p>\n\n\n\n<p>Most pedig n\u00e9zz\u00fck, hogy mire \u00e9rdemes figyelni, ha nem szeretn\u00e9nk rossz benyom\u00e1st kelteni egy c\u00e9ges vacsor\u00e1n!&nbsp;<\/p>\n\n\n\n<h3 class=\"wp-block-heading\">\u00d6lt\u00f6zk\u00f6d\u00e9si etikett a c\u00e9ges vacsor\u00e1ra&nbsp;<\/h3>\n\n\n\n<p>A c\u00e9ges vacsor\u00e1k \u00e1ltal\u00e1ban form\u00e1lis, vagy f\u00e9lig form\u00e1lis esem\u00e9nynek sz\u00e1m\u00edtanak, \u00edgy a megjelen\u00e9s rendk\u00edv\u00fcl fontos lehet. Term\u00e9szetesen \u00e1ltal\u00e1nos igazs\u00e1gok nem l\u00e9teznek: ah\u00e1ny c\u00e9g annyi szok\u00e1s, \u00e9s ah\u00e1ny c\u00e9ges vacsora, annyi elv\u00e1r\u00e1s. Ha egy c\u00e9ges vacsor\u00e1t a szervez\u0151k kifejezetten form\u00e1lisra terveznek, \u00e1ltal\u00e1ban a megh\u00edv\u00f3 \u00f6nmag\u00e1ban tartlamazza a dress code-ot, amelyet minden esetben \u00e9rdemes betartani. Nem \u00e9rdemes t\u00fal-, de pl\u00e1ne alul\u00f6lt\u00f6zni nem \u00e9rdemes!&nbsp;<\/p>\n\n\n\n<h3 class=\"wp-block-heading\">A megfelel\u0151 ruh\u00e1zat a c\u00e9ges vacsor\u00e1ra<\/h3>\n\n\n\n<p>Az eg\u00e9sz est\u00e9t, s\u0151t ak\u00e1r a karrier\u00fcnket is&nbsp;befoly\u00e1solhatja egy nem a c\u00e9ges vacsor\u00e1hoz ill\u0151 ruha. B\u00e1rcsak lenne egy rendk\u00edv\u00fcl egyszer\u0171 v\u00e1lasz arra a k\u00e9rd\u00e9sre, hogy mit \u00e9rdemes viselni, de ez val\u00f3j\u00e1ban a kontextust\u00f3l f\u00fcgg. Ha nem kapott b\u0151vebb t\u00e1j\u00e9koztat\u00e1st a megh\u00edv\u00e1skor, \u00e9s a koll\u00e9g\u00e1kkal, m\u00e1s r\u00e9sztvev\u0151kkel sem tud err\u0151l egyeztetni, az al\u00e1bbi szempontok alapj\u00e1n nagyr\u00e9szt j\u00f3l meghat\u00e1rozhatja az elv\u00e1rhat\u00f3 \u00f6lt\u00f6zk\u00f6d\u00e9si form\u00e1t.<\/p>\n\n\n\n<p>Az egyik ilyen befoly\u00e1sol\u00f3 t\u00e9nyez\u0151 a vacsora helysz\u00edne. N\u00e9zze meg az \u00e9tterem honlapj\u00e1t, miel\u0151tt kiv\u00e1lasztan\u00e1 a ruh\u00e1t, \u00e9s figyelje meg, hogy a hely milyen hangulatot \u00e1raszt. Ha k\u00e9ts\u00e9gei vannak, akkor a t\u00falz\u00e1s a jobb, mint az alul\u00f6lt\u00f6z\u00e9s \u2013&nbsp;pl\u00e1ne, hogy egy nagyobb hangv\u00e9tel\u0171 c\u00e9ges vacsor\u00e1n ak\u00e1r k\u00fcl\u00f6n dekor\u00e1ci\u00f3t is k\u00e9rhet a szervez\u0151, amelyet nem l\u00e1that az \u00e9tterem fot\u00f3in!<\/p>\n\n\n\n<p>Tov\u00e1bbi befoly\u00e1solhat\u00f3 t\u00e9nyez\u0151 lehet, hogy milyen alkalomb\u00f3l ker\u00fcl megrendez\u00e9sre a c\u00e9ges vacsora. Ha partnertal\u00e1lkoz\u00f3k\u00e9nt \u00fcgyfelekkel, partnerekkel egy\u00fctt lesznek, \u00e9rdemes hivatalosabb form\u00e1t \u00f6lteni, \u00e9s business st\u00edlusban gondolkodni. Ha egy \u00fcnnepi, ak\u00e1r kar\u00e1csonyi vagy \u00faj\u00e9vi bels\u0151s c\u00e9ges esem\u00e9nyr\u0151l van sz\u00f3, az alkalmi ruh\u00e1k biztos\u00edthatnak j\u00f3 v\u00e1laszt\u00e1st \u2013&nbsp;m\u00edg ha egy csapat\u00e9p\u00edt\u0151 jelleg\u0171, laza st\u00edlus\u00fa napr\u00f3l sz\u00f3lnak a h\u00edrek, akkor a business casual lehet j\u00f3 v\u00e1laszt\u00e1s! (J\u00f3 tan\u00e1cs: b\u00e1rmilyen c\u00e9ges esem\u00e9nyr\u0151l is legyen sz\u00f3, a business casual al\u00e1 nem \u00e9rdemes menni \u2013&nbsp;m\u00e9g akkor sem, ha kifejezetten eml\u00edtik, hogy nincs dress code!)<\/p>\n\n\n\n<p>Amennyiben a megh\u00edv\u00f3n szerepel a c\u00e9ges vacsor\u00e1ra a dress code, de nem siker\u00fcl eligazodnia a kifejez\u00e9seken, adunk egy kis seg\u00edts\u00e9get!<\/p>\n\n\n\n<h3 class=\"wp-block-heading\">Dress Code a c\u00e9ges vacsor\u00e1k eset\u00e9ben:<\/h3>\n\n\n\n<p><strong>White Tie<\/strong> \u2013 Amennyiben a White Tie kifejez\u00e9st l\u00e1tja a megh\u00edv\u00f3n, a lehet\u0151 legeleg\u00e1nsabban \u00e9rdemes fel\u00f6lt\u00f6znie, ami a h\u00f6lgyek eset\u00e9ben nagyest\u00e9lyit, m\u00edg az urakn\u00e1l frakkot takar. Egy c\u00e9ges vacsora sor\u00e1n kev\u00e9s az es\u00e9ly arra, hogy ezt a dress code-ot adj\u00e1k meg, mindenesetre \u00e9rdemes megismerkedni vele.<\/p>\n\n\n\n<p><strong>Black Tie<\/strong> \u2013 A Black Tie eset\u00e9ben a h\u00f6lgyeknek szint\u00e9n est\u00e9lyit \u00e9rdemes viselni, ha azonban kev\u00e9sb\u00e9 form\u00e1lis az esem\u00e9ny, a kokt\u00e9lruha is megengedett. Urakn\u00e1l a klasszikus szmokingos viselet a legjobb v\u00e1laszt\u00e1s.<\/p>\n\n\n\n<p><strong>Formal<\/strong> \u2013 Ez a megjel\u00f6l\u00e9s a vil\u00e1g egyes t\u00e1jain jelent\u0151sen elt\u00e9r\u0151 tartalommal rendelkezik. A h\u00f6lgyek eset\u00e9ben k\u00f6telez\u0151 az eleg\u00e1ns ruha, 18:00 ut\u00e1n es\u00e9lyi, esetleg kokt\u00e9lruha a megfelel\u0151 viselet. Urakn\u00e1l a s\u00f6t\u00e9t \u00f6lt\u00f6ny, nyakkend\u0151 a legjobb p\u00e1ros\u00edt\u00e1s.<\/p>\n\n\n\n<p><strong>Business Formal<\/strong> \u2013 Ebben az esetben a h\u00f6lgyeknek eleg\u00e1ns ruha vagy koszt\u00fcm az aj\u00e1nlott viselet. Urakn\u00e1l ing, nyakkend\u0151, nadr\u00e1g, \u00e9s a zak\u00f3nak nem kell felt\u00e9tlen\u00fcl megegyeznie a nadr\u00e1g sz\u00edn\u00e9vel.<\/p>\n\n\n\n<p><strong>Informal<\/strong> \u2013 L\u00e9nyeg\u00e9ben az irodai \u00f6lt\u00f6z\u00e9k eleg\u00e1nsabb form\u00e1ja. H\u00f6lgyek eset\u00e9ben elv\u00e1r\u00e1s, hogy a ruha ne legyen t\u00fal kiv\u00e1gott. \u00c9rdemes a fekete, feh\u00e9r, sz\u00fcrke, s\u00f6t\u00e9tk\u00e9k sz\u00edneket viselni.&nbsp;<\/p>\n\n\n\n<p><strong>Business casual<\/strong> \u2013 Amennyiben a Smart casual kifejez\u00e9s szerepel a megh\u00edv\u00f3n, nincsenek er\u0151teljes kik\u00f6t\u00e9sek az \u00f6lt\u00f6z\u00e9kkel kapcsolatban. Ebben az esetben a mindennapi irodai \u00f6lt\u00f6z\u00e9k egy eleg\u00e1nsabb form\u00e1j\u00e1t \u00e9rdemes v\u00e1lasztani.<\/p>\n\n\n\n<h3 class=\"wp-block-heading\">Illemszab\u00e1lyok a c\u00e9ges vacsor\u00e1n, amivel mindenkinek tiszt\u00e1ban kell lennie&nbsp;<\/h3>\n\n\n\n<p>Aki az \u00fczleti \u00e9letben tev\u00e9kenykedik, val\u00f3sz\u00edn\u0171leg rendszeresen vesz r\u00e9szt&nbsp;\u00fczleti esem\u00e9nyeken, c\u00e9ges vacsor\u00e1kon. Mint m\u00e1r eml\u00edtett\u00fck, fontos a kifog\u00e1stalan megjelen\u00e9s az \u00fczleti \u00e9s a h\u00e9tk\u00f6znapi \u00e9letben is, azonban mit sem \u00e9r a dress code t\u00f6k\u00e9letes ismerete, ha nem p\u00e1rosul az etikett, az alapvet\u0151 illemszab\u00e1lyok ismeret\u00e9vel. Az megfelel\u0151 viselked\u00e9si form\u00e1k ismerete a 21. sz\u00e1zadban sem elhanyagolhat\u00f3, ez\u00e9rt a k\u00f6vetkez\u0151kben egy kicsit ut\u00e1naj\u00e1runk annak, hogy mik azok az alapvet\u0151 dolgok, amiket be kell tartani a c\u00e9ges vacsora sor\u00e1n!&nbsp;<\/p>\n\n\n\n<h3 class=\"wp-block-heading\">A c\u00e9ges vacsor\u00e1n ker\u00fclj\u00f6n a telefon a t\u00e1ska m\u00e9ly\u00e9re<\/h3>\n\n\n\n<p>Miel\u0151tt elkezd\u0151dne a c\u00e9ges vacsora, \u00e9rdemes a telefont a t\u00e1ska m\u00e9ly\u00e9re helyezni. Tudjuk, hogy ez az esem\u00e9ny nem olyan k\u00f6t\u00f6tt, de m\u00e9gsem javasolt a telefonoz\u00e1s a c\u00e9ges vacsora alatt. A c\u00e9gvezet\u0151k biztosan \u00e9rt\u00e9kelni fogj\u00e1k ezt a gesztust.&nbsp;<\/p>\n\n\n\n<h3 class=\"wp-block-heading\">Alkoholt csak m\u00e9rt\u00e9kkel fogyasszon a c\u00e9ges vacsor\u00e1n<\/h3>\n\n\n\n<p>A legt\u00f6bb c\u00e9ges vacsora alkalm\u00e1val korl\u00e1tlan mennyis\u00e9g\u0171 alkoholos ital \u00e1ll a vend\u00e9gek r\u00e9sz\u00e9re, \u00e1m nem \u00e1rt m\u00e9rt\u00e9ket tartani ezen a t\u00e9ren.&nbsp;Val\u00f3sz\u00edn\u0171leg senki sem szeretne kellemetlen helyzetbe ker\u00fclni az alkoholos befoly\u00e1solts\u00e1gnak k\u00f6sz\u00f6nhet\u0151en, hisz a c\u00e9ges vacsor\u00e1n \u00e1ltal\u00e1ban a teljes vezet\u0151s\u00e9g jelen van, \u00edgy a kev\u00e9ss\u00e9 szalonk\u00e9pes viselked\u00e9s, ak\u00e1r a karriert befoly\u00e1solhatja is.&nbsp;<\/p>\n\n\n\n<h3 class=\"wp-block-heading\">Ismerkedjen a c\u00e9ges vacsor\u00e1n<\/h3>\n\n\n\n<p>A c\u00e9ges vacsor\u00e1n a legt\u00f6bben elk\u00f6vetik azt a hib\u00e1t, hogy azokkal a koll\u00e9g\u00e1kkal t\u00f6ltik a legt\u00f6bb idej\u00fcket, akiket m\u00e1r r\u00e9g\u00f3ta ismernek. Ez az\u00e9rt bizonyul rossz d\u00f6nt\u00e9snek, mivel az ilyen alkalmak lehet\u0151s\u00e9get adnak arra, hogy \u00faj ismeretts\u00e9gekre tegy\u00fcnk szert.<\/p>\n\n\n\n<p>A c\u00e9gvezet\u0151k \u00e9rt\u00e9kelni fogj\u00e1k, ha l\u00e1tj\u00e1k, hogy szeret besz\u00e9lget\u00e9st kezdem\u00e9nyezni, azonban arra figyelnie kell, hogy senkit se szak\u00edtson f\u00e9lbe. &nbsp;<\/p>\n\n\n\n<h3 class=\"wp-block-heading\">Ne felejtsen el k\u00f6sz\u00f6netet mondani a c\u00e9ges vacsora szervez\u0151j\u00e9nek<\/h3>\n\n\n\n<p>Az \u00e9tkez\u00e9s v\u00e9g\u00e9n felt\u00e9tlen\u00fcl mondjon k\u00f6sz\u00f6netet a vend\u00e9gl\u00e1t\u00e1s\u00e9rt a c\u00e9gvezet\u0151nek. Fogjon kezet \u00e9s tartsa a szemkontaktust. K\u00e9s\u0151bb megfontolhatja, hogy \u00fajra megk\u00f6sz\u00f6nje a kiv\u00e1l\u00f3an siker\u00fclt c\u00e9ges vacsor\u00e1t e-mail form\u00e1j\u00e1ban.<\/p>\n","protected":false},"excerpt":{"rendered":"<p>Az illemszab\u00e1lyok, valamint az \u00f6lt\u00f6zk\u00f6d\u00e9si etikett ismerete rendk\u00edv\u00fcl fontos a c\u00e9ges vacsor\u00e1n, hiszen a nem megfelel\u0151 megjelen\u00e9s \u00e9s viselked\u00e9s ak\u00e1r karrier\u00fcnkre is befoly\u00e1ssal lehet! Manaps\u00e1g m\u00e1r a legt\u00f6bb c\u00e9g egy \u00e9vz\u00e1r\u00f3 buli vagy \u00e9vz\u00e1r\u00f3 vacsora keretein bel\u00fcl \u00e9rt\u00e9keli az elm\u00falt esztend\u0151t, \u00e9s k\u00f6sz\u00f6ni meg a dolgoz\u00f3k, illetve az egy\u00fcttm\u0171k\u00f6d\u0151 partnerek munk\u00e1j\u00e1t. Nem v\u00e9letlen\u00fcl v\u00e1ltak ilyen [&hellip;]<\/p>\n","protected":false},"author":2,"featured_media":4204,"comment_status":"closed","ping_status":"closed","sticky":false,"template":"","format":"standard","meta":{"footnotes":""},"categories":[12],"tags":[],"class_list":["post-3279","post","type-post","status-publish","format-standard","has-post-thumbnail","hentry","category-uncategorized-hu"],"_links":{"self":[{"href":"https:\/\/zsidai.com\/hu\/wp-json\/wp\/v2\/posts\/3279","targetHints":{"allow":["GET"]}}],"collection":[{"href":"https:\/\/zsidai.com\/hu\/wp-json\/wp\/v2\/posts"}],"about":[{"href":"https:\/\/zsidai.com\/hu\/wp-json\/wp\/v2\/types\/post"}],"author":[{"embeddable":true,"href":"https:\/\/zsidai.com\/hu\/wp-json\/wp\/v2\/users\/2"}],"replies":[{"embeddable":true,"href":"https:\/\/zsidai.com\/hu\/wp-json\/wp\/v2\/comments?post=3279"}],"version-history":[{"count":1,"href":"https:\/\/zsidai.com\/hu\/wp-json\/wp\/v2\/posts\/3279\/revisions"}],"predecessor-version":[{"id":3280,"href":"https:\/\/zsidai.com\/hu\/wp-json\/wp\/v2\/posts\/3279\/revisions\/3280"}],"wp:featuredmedia":[{"embeddable":true,"href":"https:\/\/zsidai.com\/hu\/wp-json\/wp\/v2\/media\/4204"}],"wp:attachment":[{"href":"https:\/\/zsidai.com\/hu\/wp-json\/wp\/v2\/media?parent=3279"}],"wp:term":[{"taxonomy":"category","embeddable":true,"href":"https:\/\/zsidai.com\/hu\/wp-json\/wp\/v2\/categories?post=3279"},{"taxonomy":"post_tag","embeddable":true,"href":"https:\/\/zsidai.com\/hu\/wp-json\/wp\/v2\/tags?post=3279"}],"curies":[{"name":"wp","href":"https:\/\/api.w.org\/{rel}","templated":true}]}}