{"id":3388,"date":"2025-05-01T15:33:53","date_gmt":"2025-05-01T15:33:53","guid":{"rendered":"https:\/\/zsrevamp.com\/?p=3388"},"modified":"2025-05-06T14:43:16","modified_gmt":"2025-05-06T14:43:16","slug":"a-budai-var-tortenete","status":"publish","type":"post","link":"https:\/\/zsidai.com\/hu\/a-budai-var-tortenete\/","title":{"rendered":"A BUDAI V\u00c1R T\u00d6RT\u00c9NETE"},"content":{"rendered":"\n<p>Fedezd fel a Budai V\u00e1r leny\u0171g\u00f6z\u0151 t\u00f6rt\u00e9net\u00e9t a k\u00f6z\u00e9pkori kezdetekt\u0151l napjainkig, \u00e9s ismerd meg a v\u00e1rnegyed kultur\u00e1lis \u00e9s gasztron\u00f3miai kincseit!<\/p>\n\n\n\n<p>Fedezd fel a Budai V\u00e1r leny\u0171g\u00f6z\u0151 t\u00f6rt\u00e9net\u00e9t a k\u00f6z\u00e9pkori kezdetekt\u0151l napjainkig, \u00e9s ismerd meg a v\u00e1rnegyed kultur\u00e1lis \u00e9s gasztron\u00f3miai kincseit!<\/p>\n\n\n\n<h2 class=\"wp-block-heading\">Ismerd meg a Budai V\u00e1r t\u00f6rt\u00e9net\u00e9t a k\u00f6z\u00e9pkort\u00f3l napjainkig!<\/h2>\n\n\n\n<p>Budapest egyik legkiemelked\u0151bb \u00e9s legjelent\u0151sebb nevezetess\u00e9ge a Budai V\u00e1r, amely a Duna partj\u00e1n, a V\u00e1rhegy tetej\u00e9n magasodik. Ez a t\u00f6rt\u00e9nelmi helysz\u00edn nem csup\u00e1n a v\u00e1ros, hanem Magyarorsz\u00e1g t\u00f6rt\u00e9nelm\u00e9nek is szimb\u00f3luma. A Budai V\u00e1r \u00e9vsz\u00e1zadok sor\u00e1n sz\u00e1mos \u00e1talakul\u00e1son ment kereszt\u00fcl, \u00e9s sokkal t\u00f6bb, mint puszt\u00e1n egy \u00e9p\u00fcletkomplexum; ez egy hely, ahol a m\u00falt \u00e9s a jelen tal\u00e1lkozik, ahol minden k\u0151 \u00e9s szeglet egy-egy t\u00f6rt\u00e9netet mes\u00e9l el.<\/p>\n\n\n\n<h2 class=\"wp-block-heading\">A kezdetek \u2013 A V\u00e1rhegy strat\u00e9giai jelent\u0151s\u00e9ge<\/h2>\n\n\n\n<p>A V\u00e1rhegy kiemelked\u0151 f\u00f6ldrajzi elhelyezked\u00e9se m\u00e1r az \u00f3korban is felkeltette az emberek figyelm\u00e9t. A Duna k\u00f6zels\u00e9ge, valamint a k\u00f6rnyez\u0151 dombok biztos\u00edtotta v\u00e9delem miatt a ter\u00fclet strat\u00e9giai fontoss\u00e1g\u00fa volt. A r\u00f3maiak, akik Pannonia provinci\u00e1ban telepedtek le, a V\u00e1rhegy l\u00e1b\u00e1n\u00e1l \u00e9p\u00edtett\u00e9k ki Aquincum nev\u0171 telep\u00fcl\u00e9s\u00fcket, amely a k\u00e9s\u0151bbi Budapest el\u0151dje volt. B\u00e1r a r\u00f3maiak mag\u00e1t a hegyet nem er\u0151d\u00edtett\u00e9k meg, az itt kialakul\u00f3 telep\u00fcl\u00e9sek megalapozt\u00e1k a k\u00e9s\u0151bbi v\u00e1r kialakul\u00e1s\u00e1t.<\/p>\n\n\n\n<p>A mai Budai V\u00e1r el\u0151dj\u00e9t azonban a 13. sz\u00e1zadban emelt\u00e9k, miut\u00e1n a tat\u00e1rj\u00e1r\u00e1s puszt\u00edt\u00e1sai r\u00e1mutattak a v\u00e9delem sz\u00fcks\u00e9gess\u00e9g\u00e9re. IV. B\u00e9la kir\u00e1ly felismerte a V\u00e1rhegy strat\u00e9giai jelent\u0151s\u00e9g\u00e9t, \u00e9s 1247-ben kezdte el \u00e9p\u00edttetni az els\u0151 er\u0151d\u00edtm\u00e9nyeket, amelyek a kir\u00e1lyi rezidenci\u00e1t \u00e9s a v\u00e1rost is v\u00e9dt\u00e9k. Az ekkor \u00e9p\u00fclt v\u00e1rfalak \u00e9s tornyok alapjai m\u00e1ig fellelhet\u0151k a v\u00e1rnegyedben.<\/p>\n\n\n\n\n\n<h2 class=\"wp-block-heading\">A k\u00f6z\u00e9pkor \u00e9s a renesz\u00e1nsz aranykora<\/h2>\n\n\n\n<p>A k\u00f6z\u00e9pkor sor\u00e1n a Budai V\u00e1r a magyar kir\u00e1lyok f\u0151 sz\u00e9khely\u00e9v\u00e9 v\u00e1lt. Luxemburgi Zsigmond uralkod\u00e1sa alatt, a 14. \u00e9s 15. sz\u00e1zad fordul\u00f3j\u00e1n a v\u00e1r nagyszab\u00e1s\u00fa b\u0151v\u00edt\u00e9sen \u00e9s er\u0151d\u00edt\u00e9sen ment kereszt\u00fcl. Zsigmond kir\u00e1ly idej\u00e9n kezd\u0151d\u00f6tt meg a v\u00e1r igaz\u00e1n impoz\u00e1ns palotakomplexumm\u00e1 val\u00f3 ki\u00e9p\u00edt\u00e9se, amely akkoriban Eur\u00f3pa egyik legnagyobb \u00e9s legszebb uralkod\u00f3i rezidenci\u00e1j\u00e1v\u00e1 v\u00e1lt.<\/p>\n\n\n\n<p><br>A renesz\u00e1nsz korszak vir\u00e1gz\u00e1sa Hunyadi M\u00e1ty\u00e1s kir\u00e1ly uralkod\u00e1sa alatt \u00e9rte el cs\u00facspontj\u00e1t. M\u00e1ty\u00e1s kir\u00e1ly, akit a \u201eNagy Kir\u00e1ly\u201d n\u00e9ven is emlegetnek, a v\u00e1rat a renesz\u00e1nsz st\u00edlus jegyeivel gazdag\u00edtotta. A kir\u00e1lyi palota mellett k\u00f6nyvt\u00e1rat \u00e9s k\u00e1poln\u00e1t is \u00e9p\u00edttetett, valamint sz\u00e1mos k\u00fclf\u00f6ldi m\u0171v\u00e9szt \u00e9s tud\u00f3st h\u00edvott meg udvar\u00e1ba. M\u00e1ty\u00e1s renesz\u00e1nsz udvara messze f\u00f6ld\u00f6n h\u00edres volt, \u00e9s a Budai V\u00e1r ekkor \u00e9lte f\u00e9nykor\u00e1t, mind \u00e9p\u00edt\u00e9szetileg, mind kultur\u00e1lisan.<\/p>\n\n\n\n<h2 class=\"wp-block-heading\">A t\u00f6r\u00f6k h\u00f3dolts\u00e1g \u00e9s a Habsburgok uralma<\/h2>\n\n\n\n<p>1541-ben a Budai V\u00e1r t\u00f6r\u00f6k k\u00e9zre ker\u00fclt, \u00e9s a k\u00f6vetkez\u0151 150 \u00e9v sor\u00e1n a t\u00f6r\u00f6k h\u00f3d\u00edt\u00f3k jelent\u0151s \u00e1talak\u00edt\u00e1sokat v\u00e9geztek a ter\u00fcleten. B\u00e1r a kir\u00e1lyi palota nagyr\u00e9szt elpusztult, a t\u00f6r\u00f6k\u00f6k mecseteket \u00e9s f\u00fcrd\u0151ket \u00e9p\u00edtettek a v\u00e1rnegyedben. A h\u00f3dolts\u00e1g id\u0151szak\u00e1ban Buda v\u00e1rosa is elvesztette kor\u00e1bbi f\u00e9ny\u00e9t, \u00e9s ink\u00e1bb katonai k\u00f6zpontk\u00e9nt szolg\u00e1lt.<br>1686-ban a Habsburgok visszafoglalt\u00e1k Bud\u00e1t a t\u00f6r\u00f6k\u00f6kt\u0151l, \u00e9s megkezd\u0151d\u00f6tt a v\u00e1r \u00fajj\u00e1\u00e9p\u00edt\u00e9se. A 18. sz\u00e1zad sor\u00e1n a Habsburg uralkod\u00f3k \u00fajra\u00e9p\u00edtett\u00e9k a kir\u00e1lyi palot\u00e1t barokk st\u00edlusban, \u00e9s a Budai V\u00e1r ism\u00e9t az orsz\u00e1g politikai \u00e9s kultur\u00e1lis k\u00f6zpontj\u00e1v\u00e1 v\u00e1lt.<\/p>\n\n\n\n<p>A barokk palota a r\u00e9gi k\u00f6z\u00e9pkori v\u00e1r hely\u00e9n \u00e9p\u00fclt, \u00e9s az egykori \u00e9p\u00fcletek maradv\u00e1nyait is be\u00e9p\u00edtett\u00e9k az \u00faj strukt\u00far\u00e1ba.<\/p>\n\n\n\n<p>A 19. sz\u00e1zadban a Budai V\u00e1r ism\u00e9t jelent\u0151s v\u00e1ltoz\u00e1sokon ment kereszt\u00fcl. A szabads\u00e1gharc lever\u00e9se ut\u00e1n, a kiegyez\u00e9st k\u00f6vet\u0151en a kir\u00e1lyi palota b\u0151v\u00edt\u00e9se \u00e9s moderniz\u00e1l\u00e1sa indult meg, amelynek sor\u00e1n a barokk \u00e9p\u00fclethez neoklasszicista sz\u00e1rnyakat csatoltak. Az \u00e9p\u00edtkez\u00e9s v\u00e9g\u00e9re a Budai V\u00e1r impoz\u00e1ns \u00e9p\u00fcletkomplexumm\u00e1 v\u00e1lt, amely m\u00e9lt\u00f3 volt a magyar kir\u00e1lyok sz\u00e9khely\u00e9hez.<\/p>\n\n\n\n<h2 class=\"wp-block-heading\">A modern kor \u2013 A v\u00e1r pusztul\u00e1sa \u00e9s \u00fajj\u00e1\u00e9p\u00edt\u00e9se<\/h2>\n\n\n\n<p>A m\u00e1sodik vil\u00e1gh\u00e1bor\u00fa sor\u00e1n a Budai V\u00e1r s\u00falyos k\u00e1rokat szenvedett. A heves harcok \u00e9s a bomb\u00e1z\u00e1sok k\u00f6vetkezt\u00e9ben a kir\u00e1lyi palota \u00e9s a v\u00e1rnegyed sz\u00e1mos \u00e9p\u00fclete megsemmis\u00fclt vagy s\u00falyosan megrong\u00e1l\u00f3dott. A h\u00e1bor\u00fa ut\u00e1n a kommunista hatalom \u00e1tvette az ir\u00e1ny\u00edt\u00e1st Magyarorsz\u00e1g felett, \u00e9s megkezd\u0151d\u00f6tt a v\u00e1r \u00fajj\u00e1\u00e9p\u00edt\u00e9se.<\/p>\n\n\n\n<p><br>Az 1950-es \u00e9vekben a Budai V\u00e1r helyre\u00e1ll\u00edt\u00e1sa sor\u00e1n a kommunista vezet\u00e9s \u00fagy d\u00f6nt\u00f6tt, hogy a kir\u00e1lyi palot\u00e1t nem az eredeti barokk \u00e9s neoklasszicista st\u00edlusban \u00e1ll\u00edtj\u00e1k helyre, hanem egyszer\u0171s\u00edtett, szinte purit\u00e1n k\u00fcls\u0151t adnak neki. A kor\u00e1bbi pomp\u00e1s bels\u0151 terek megsemmis\u00fcltek, \u00e9s a palota funkci\u00f3ja is megv\u00e1ltozott: m\u00fazeumoknak \u00e9s kultur\u00e1lis int\u00e9zm\u00e9nyeknek ad otthont a mai napig.<\/p>\n\n\n\n<p><br>A 20. sz\u00e1zad v\u00e9g\u00e9n \u00e9s a 21. sz\u00e1zad elej\u00e9n a Budai V\u00e1r tov\u00e1bbi fel\u00faj\u00edt\u00e1sokon esett \u00e1t. Az 1990-es \u00e9vekben a v\u00e1rnegyed t\u00f6bb \u00e9p\u00fclet\u00e9t is helyre\u00e1ll\u00edtott\u00e1k, \u00e9s m\u00e1ra a ter\u00fclet \u00fajra Budapest egyik legn\u00e9pszer\u0171bb turisztikai c\u00e9lpontj\u00e1v\u00e1 v\u00e1lt. A kir\u00e1lyi palot\u00e1ban tal\u00e1lhat\u00f3 a Magyar Nemzeti Gal\u00e9ria, a Budapesti T\u00f6rt\u00e9neti M\u00fazeum \u00e9s az Orsz\u00e1gos Sz\u00e9ch\u00e9nyi K\u00f6nyvt\u00e1r is, amelyek mind gazdag kultur\u00e1lis k\u00edn\u00e1latot ny\u00fajtanak a l\u00e1togat\u00f3knak.<\/p>\n\n\n\n<h2 class=\"wp-block-heading\">A Budai V\u00e1r napjainkban \u2013 A t\u00f6rt\u00e9nelem \u00e9s a kult\u00fara tal\u00e1lkoz\u00e1sa<\/h2>\n\n\n\n<p>Napjainkban a Budai V\u00e1r nem csup\u00e1n t\u00f6rt\u00e9nelmi eml\u00e9khely, hanem a kult\u00fara, a m\u0171v\u00e9szet \u00e9s a gasztron\u00f3mia egyik k\u00f6zpontja is. A v\u00e1rnegyedben s\u00e9t\u00e1lva a l\u00e1togat\u00f3k sz\u00e1mos m\u00fazeumot, gal\u00e9ri\u00e1t \u00e9s ki\u00e1ll\u00edt\u00e1st tal\u00e1lhatnak, amelyek a magyar t\u00f6rt\u00e9nelem \u00e9s kult\u00fara gazdags\u00e1g\u00e1t mutatj\u00e1k be.<\/p>\n\n\n\n<p>Az \u00e9p\u00fcletek k\u00f6z\u00f6tt megb\u00fajva sz\u00e1mos \u00e9tterem \u00e9s k\u00e1v\u00e9z\u00f3 is v\u00e1rja az idel\u00e1togat\u00f3kat. K\u00fcl\u00f6n eml\u00edt\u00e9st \u00e9rdemelnek a Zsidai C\u00e9gcsoport \u00e9ttermei, amelyek autentikus \u00e9s modern gasztron\u00f3miai \u00e9lm\u00e9nyeket k\u00edn\u00e1lnak a t\u00f6rt\u00e9nelmi k\u00f6rnyezetben. Az eleg\u00e1ns Pierrot \u00e9tteremt\u0151l a hagyom\u00e1nyos magyar \u00edzeket \u00fajragondol\u00f3 21 Magyar Vend\u00e9gl\u0151ig,\u00a0<strong>a Zsidai C\u00e9gcsoport \u00e9ttermei<\/strong>\u00a0t\u00f6k\u00e9letes helysz\u00ednt biztos\u00edtanak egy felejthetetlen eb\u00e9dre vagy vacsor\u00e1ra.<\/p>\n\n\n\n<h2 class=\"wp-block-heading\">A Budai V\u00e1r \u2013 A m\u00falt \u00f6r\u00f6ks\u00e9ge \u00e9s a j\u00f6v\u0151 rem\u00e9nye<\/h2>\n\n\n\n<p>A Budai V\u00e1r t\u00f6rt\u00e9nete egyed\u00fcl\u00e1ll\u00f3an gazdag \u00e9s soksz\u00edn\u0171, amely h\u0171en t\u00fckr\u00f6zi Magyarorsz\u00e1g viharos t\u00f6rt\u00e9nelm\u00e9t. Az \u00e9vsz\u00e1zadok sor\u00e1n a v\u00e1r nemcsak kir\u00e1lyok \u00e9s hadvez\u00e9rek otthona volt, hanem a magyar nemzet szimb\u00f3lum\u00e1v\u00e1 is v\u00e1lt. B\u00e1r az \u00e9p\u00fcletek \u00e9s a falak id\u0151r\u0151l id\u0151re pusztul\u00e1st szenvedtek, a Budai V\u00e1r mindig \u00fajj\u00e1\u00e9p\u00fclt, \u00e9s ma is b\u00fcszk\u00e9n hirdeti a m\u00falt dics\u0151s\u00e9g\u00e9t.<\/p>\n\n\n\n<p><br>A Budai V\u00e1r felfedez\u00e9se sor\u00e1n a l\u00e1togat\u00f3k nemcsak a t\u00f6rt\u00e9nelem egy szelet\u00e9t ismerhetik meg, hanem egy olyan helyet is, ahol a m\u00falt \u00e9s a jelen harmonikusan tal\u00e1lkozik. A v\u00e1rnegyed atmoszf\u00e9r\u00e1ja, a m\u00fazeumok \u00e9s ki\u00e1ll\u00edt\u00e1sok gazdag k\u00edn\u00e1lata, valamint a gasztron\u00f3miai \u00e9lm\u00e9nyek mind hozz\u00e1j\u00e1rulnak ahhoz, hogy a Budai V\u00e1r ne csup\u00e1n egy egyszer\u0171 l\u00e1tv\u00e1nyoss\u00e1g legyen, hanem egy \u00e9l\u0151, l\u00e9legz\u0151 t\u00f6rt\u00e9nelmi eml\u00e9khely, amely minden l\u00e1togat\u00f3 sz\u00e1m\u00e1ra maradand\u00f3 \u00e9lm\u00e9nyt ny\u00fajt.<\/p>\n","protected":false},"excerpt":{"rendered":"<p>Fedezd fel a Budai V\u00e1r leny\u0171g\u00f6z\u0151 t\u00f6rt\u00e9net\u00e9t a k\u00f6z\u00e9pkori kezdetekt\u0151l napjainkig, \u00e9s ismerd meg a v\u00e1rnegyed kultur\u00e1lis \u00e9s gasztron\u00f3miai kincseit! Fedezd fel a Budai V\u00e1r leny\u0171g\u00f6z\u0151 t\u00f6rt\u00e9net\u00e9t a k\u00f6z\u00e9pkori kezdetekt\u0151l napjainkig, \u00e9s ismerd meg a v\u00e1rnegyed kultur\u00e1lis \u00e9s gasztron\u00f3miai kincseit! Ismerd meg a Budai V\u00e1r t\u00f6rt\u00e9net\u00e9t a k\u00f6z\u00e9pkort\u00f3l napjainkig! Budapest egyik legkiemelked\u0151bb \u00e9s legjelent\u0151sebb nevezetess\u00e9ge [&hellip;]<\/p>\n","protected":false},"author":2,"featured_media":4050,"comment_status":"closed","ping_status":"closed","sticky":false,"template":"","format":"standard","meta":{"footnotes":""},"categories":[12],"tags":[],"class_list":["post-3388","post","type-post","status-publish","format-standard","has-post-thumbnail","hentry","category-uncategorized-hu"],"_links":{"self":[{"href":"https:\/\/zsidai.com\/hu\/wp-json\/wp\/v2\/posts\/3388","targetHints":{"allow":["GET"]}}],"collection":[{"href":"https:\/\/zsidai.com\/hu\/wp-json\/wp\/v2\/posts"}],"about":[{"href":"https:\/\/zsidai.com\/hu\/wp-json\/wp\/v2\/types\/post"}],"author":[{"embeddable":true,"href":"https:\/\/zsidai.com\/hu\/wp-json\/wp\/v2\/users\/2"}],"replies":[{"embeddable":true,"href":"https:\/\/zsidai.com\/hu\/wp-json\/wp\/v2\/comments?post=3388"}],"version-history":[{"count":1,"href":"https:\/\/zsidai.com\/hu\/wp-json\/wp\/v2\/posts\/3388\/revisions"}],"predecessor-version":[{"id":3389,"href":"https:\/\/zsidai.com\/hu\/wp-json\/wp\/v2\/posts\/3388\/revisions\/3389"}],"wp:featuredmedia":[{"embeddable":true,"href":"https:\/\/zsidai.com\/hu\/wp-json\/wp\/v2\/media\/4050"}],"wp:attachment":[{"href":"https:\/\/zsidai.com\/hu\/wp-json\/wp\/v2\/media?parent=3388"}],"wp:term":[{"taxonomy":"category","embeddable":true,"href":"https:\/\/zsidai.com\/hu\/wp-json\/wp\/v2\/categories?post=3388"},{"taxonomy":"post_tag","embeddable":true,"href":"https:\/\/zsidai.com\/hu\/wp-json\/wp\/v2\/tags?post=3388"}],"curies":[{"name":"wp","href":"https:\/\/api.w.org\/{rel}","templated":true}]}}