{"id":3687,"date":"2025-05-04T10:07:24","date_gmt":"2025-05-04T10:07:24","guid":{"rendered":"https:\/\/zsrevamp.com\/?p=3687"},"modified":"2025-05-06T13:34:12","modified_gmt":"2025-05-06T13:34:12","slug":"jo-etterem-budapesten-mutatjuk-hova-erdemes-menni-ha-ennel-egy-jot","status":"publish","type":"post","link":"https:\/\/zsidai.com\/hu\/jo-etterem-budapesten-mutatjuk-hova-erdemes-menni-ha-ennel-egy-jot\/","title":{"rendered":"J\u00d3 \u00c9TTEREM BUDAPESTEN? MUTATJUK, HOVA \u00c9RDEMES MENNI, HA ENN\u00c9L EGY J\u00d3T!"},"content":{"rendered":"\n<p>K\u00fcl\u00f6nleges alkalomra, vagy csak egy esti programra keresel j\u00f3 \u00e9ttermet Budapesten? Ismerd meg a Zsidai Csoport \u00e9ttermeit, \u00e9s l\u00e1togass el hozz\u00e1nk \u00e9ttermeink egyik\u00e9be!<\/p>\n\n\n\n<p>Az \u00e9tterembe j\u00e1r\u00e1s nem csak az \u00e9telekr\u0151l sz\u00f3l. B\u00e1r sz\u00f3 mi sz\u00f3, hogy a legt\u00f6bben szeret\u00fcnk egy j\u00f3t enni, n\u00e9h\u00e1ny k\u00fcl\u00f6nleges fog\u00e1ssal k\u00e9nyeztetni magunkat, az is biztos hogy az \u00e9ttermek megl\u00e1togat\u00e1sa enn\u00e9l t\u00f6bbet kell, hogy ny\u00fajtson. Egy j\u00f3 \u00e9tterem Budapesten ugyanis nem csak a kiv\u00e1l\u00f3 alapanyagokr\u00f3l, a legmodernebb konyhatechnol\u00f3giai elj\u00e1r\u00e1sokkal k\u00e9sz\u00fclt fog\u00e1sokb\u00f3l \u00e1ll, de abb\u00f3l az \u00e9lm\u00e9nyb\u0151l is, amelyet csak a nagybet\u0171s Vend\u00e9gl\u00e1t\u00e1s ny\u00fajthat sz\u00e1munkra. \u00c9ttermeink meg\u00e1lmod\u00e1sakor \u2013 azon fel\u00fcl, hogy term\u00e9szetesen fog\u00e1sainkra is nagy hangs\u00falyt fektet\u00fcnk \u2013 ezt tartottuk szem el\u0151tt.&nbsp;<\/p>\n\n\n\n<p>Legyen sz\u00f3 ak\u00e1r egy romantikus vacsor\u00e1r\u00f3l, randev\u00far\u00f3l \u2013 ak\u00e1r egy kellemes csal\u00e1di esem\u00e9nyr\u0151l vagy bar\u00e1ti cseveg\u00e9sr\u0151l, a Vend\u00e9gl\u00e1t\u00e1s \u00e9lm\u00e9nye a Ti napotokat is k\u00fcl\u00f6nlegess\u00e9 teszi majd, ha ell\u00e1togattok hozz\u00e1nk! \u00c9s hogy mely \u00e9ttermeinket mire aj\u00e1nljuk? Az al\u00e1bbiakban \u00f6sszefoglaltuk!<\/p>\n\n\n\n<h2 class=\"wp-block-heading\">J\u00f3 \u00e9tterem Budapesten, ha csal\u00e1di esem\u00e9nyre \u00e9rkeztek vagy a diszkr\u00e9ci\u00f3t keresitek: Pest-Buda Bistro<\/h2>\n\n\n\n<p>Pest-Buda \u00e9tterm\u00fcnk a Budai V\u00e1rnegyed egy csendes kis utc\u00e1j\u00e1ban, hangulatos k\u00f6rnyezetben foglal helyet. J\u00f3 \u00e9tteremv\u00e1laszt\u00e1s ez a hely, ha rajongsz a nagymama konyh\u00e1j\u00e1nak h\u00e1zias \u00edzvil\u00e1g\u00e1\u00e9rt, ha szereted a klasszikus magyar fog\u00e1sokat, \u00e9s csal\u00e1dias, meghitt hangulatot v\u00e1rsz el egy \u00e9tteremt\u0151l. Ugyanakkor nem csak csal\u00e1di programokra, priv\u00e1t eb\u00e9dekre \u00e9rkeznek hozz\u00e1nk Vend\u00e9geink a vil\u00e1g minden t\u00e1j\u00e1r\u00f3l: diszkr\u00e9t elrendez\u00e9s\u0171, t\u00f6bb r\u00e9szre osztott \u00e9tterm\u00fcnk akkor is kiv\u00e1l\u00f3, ha priv\u00e1tban besz\u00e9lgetn\u00e9tek \u2013 ak\u00e1r \u00fczleti, ak\u00e1r mag\u00e1n\u00e9leti t\u00e9m\u00e1kr\u00f3l.<\/p>\n\n\n\n<h2 class=\"wp-block-heading\">J\u00f3 \u00e9tterem Budapesten, ha egy fiatalos, vag\u00e1ny hely ut\u00e1n kutattok: Sp\u00edler Original<\/h2>\n\n\n\n<p>Eg\u00e9szen m\u00e1st jelent a j\u00f3 \u00e9tterem az id\u0151sebb gener\u00e1ci\u00f3 sz\u00e1m\u00e1ra, \u00e9s m\u00e1st a fiatal, vag\u00e1ny sr\u00e1cok\/l\u00e1nyok sz\u00e1m\u00e1ra. A Gozsdu udvar m\u00e9lt\u00e1n h\u00edres k\u00f6rnyezet\u00e9ben ezut\u00f3bbiak tal\u00e1lhatj\u00e1k meg sz\u00e1m\u00edt\u00e1saikat, ha egy igaz\u00e1n men\u0151, j\u00f3 \u00e9ttermet keresnek. A Sp\u00edler Original nappal vag\u00e1ny helyk\u00e9nt a vid\u00e1m besz\u00e9lget\u00e9sek sz\u00ednhelye, m\u00edg \u00e9jjel ikonikus b\u00e1rk\u00e9nt a sz\u00f3rakoz\u00e1s\u00e9, a bulik\u00e9. Men\u0151, minden ig\u00e9nyt kiel\u00e9g\u00edt\u0151 streetfood k\u00edn\u00e1latunk szuper v\u00e1laszt\u00e1s, ha bedobn\u00e1l valamit.&nbsp;<\/p>\n\n\n\n<h2 class=\"wp-block-heading\">J\u00f3 \u00e9tterem Budapesten, ha randev\u00fara, romantikus programra kerestek helyet: Pierrot<\/h2>\n\n\n\n<p>\u00c9s milyen egy j\u00f3 \u00e9tterem Budapesten, ha randev\u00fara, romantikus programra k\u00e9sz\u00fclt\u00f6k? A Pierrot lezseren eleg\u00e1ns k\u00f6rnyezete, kifinomult \u00e9telei \u00e9s st\u00edlusa t\u00f6k\u00e9letes v\u00e1laszt\u00e1s, ha leny\u0171g\u00f6zn\u00e9d kedvesed. Ez az \u00e9tterm\u00fcnk esk\u00fcv\u0151i helysz\u00ednk\u00e9nt is gyakori v\u00e1laszt\u00e1s az ifj\u00fa p\u00e1rok k\u00f6r\u00e9ben, de egy szimpla romantikus vacsora, vagy egy l\u00e1nyk\u00e9r\u00e9s is t\u00f6k\u00e9letes helyen van itt n\u00e1lunk, a Pierrot-ban.<\/p>\n\n\n\n<h2 class=\"wp-block-heading\">J\u00f3 \u00e9tterem Budapesten, ha a legjobb pizz\u00e1t keresitek: Jamie Oliver\u2019s Pizzeria<\/h2>\n\n\n\n<p>A belv\u00e1ros ny\u00fczsg\u0151 forgatag\u00e1ban, a Gozsdu udvar fiatalos lend\u00fclet\u00e9ben egy kis kikapcsol\u00f3d\u00e1s, lazas\u00e1g \u00e9s \u2013 val\u00f3sz\u00edn\u0171leg \u2013 a legjobb pizza a v\u00e1rosban\u2026? Ezt n\u00e1lunk tal\u00e1lj\u00e1tok meg, a Jamie Oliver\u2019s Pizzeri\u00e1ban! Gyermekbar\u00e1t \u00e9tteremk\u00e9nt napk\u00f6zben z\u00e1rt teraszunkon a kicsik is nagyszer\u0171en \u00e9rzik magukat, de a feln\u0151ttek sem fognak csal\u00f3dni az itteni felhozatalban! \u00cdnycsikland\u00f3 limon\u00e1d\u00e9k \u00e9s friss\u00edt\u0151k, val\u00f3di olasz pizza, \u00e9s laza hangulat\u2026 kell enn\u00e9l t\u00f6bb?<\/p>\n\n\n\n<h2 class=\"wp-block-heading\">J\u00f3 \u00e9tterem Budapesten, ha a steak \u00e9telek rajong\u00f3i vagytok: Sp\u00edler Buda<\/h2>\n\n\n\n<p>A budai oldal sok szempontb\u00f3l az egyik legsz\u00ednesebb vid\u00e9ke Budapestnek. Ha a Budai V\u00e1rnegyedben m\u00e1r sokszor j\u00e1rtatok, \u00e9s most lejjebb kalandozn\u00e1tok: a MOM Park bej\u00e1rat\u00e1n\u00e1l l\u00e9v\u0151 Sp\u00edler Buda \u00e9tterm\u00fcnk szertettel v\u00e1r! Egy val\u00f3di vag\u00e1ny, st\u00edlusos helyet k\u00e9pzelj el a legjobb borokkal, a legfinomabb steak h\u00fasokkal, ahol egy kicsit Te is szt\u00e1rnak \u00e9rezheted magad.&nbsp;<\/p>\n","protected":false},"excerpt":{"rendered":"<p>K\u00fcl\u00f6nleges alkalomra, vagy csak egy esti programra keresel j\u00f3 \u00e9ttermet Budapesten? Ismerd meg a Zsidai Csoport \u00e9ttermeit, \u00e9s l\u00e1togass el hozz\u00e1nk \u00e9ttermeink egyik\u00e9be! Az \u00e9tterembe j\u00e1r\u00e1s nem csak az \u00e9telekr\u0151l sz\u00f3l. B\u00e1r sz\u00f3 mi sz\u00f3, hogy a legt\u00f6bben szeret\u00fcnk egy j\u00f3t enni, n\u00e9h\u00e1ny k\u00fcl\u00f6nleges fog\u00e1ssal k\u00e9nyeztetni magunkat, az is biztos hogy az \u00e9ttermek megl\u00e1togat\u00e1sa enn\u00e9l [&hellip;]<\/p>\n","protected":false},"author":2,"featured_media":4161,"comment_status":"closed","ping_status":"closed","sticky":false,"template":"","format":"standard","meta":{"footnotes":""},"categories":[12],"tags":[],"class_list":["post-3687","post","type-post","status-publish","format-standard","has-post-thumbnail","hentry","category-uncategorized-hu"],"_links":{"self":[{"href":"https:\/\/zsidai.com\/hu\/wp-json\/wp\/v2\/posts\/3687","targetHints":{"allow":["GET"]}}],"collection":[{"href":"https:\/\/zsidai.com\/hu\/wp-json\/wp\/v2\/posts"}],"about":[{"href":"https:\/\/zsidai.com\/hu\/wp-json\/wp\/v2\/types\/post"}],"author":[{"embeddable":true,"href":"https:\/\/zsidai.com\/hu\/wp-json\/wp\/v2\/users\/2"}],"replies":[{"embeddable":true,"href":"https:\/\/zsidai.com\/hu\/wp-json\/wp\/v2\/comments?post=3687"}],"version-history":[{"count":1,"href":"https:\/\/zsidai.com\/hu\/wp-json\/wp\/v2\/posts\/3687\/revisions"}],"predecessor-version":[{"id":3688,"href":"https:\/\/zsidai.com\/hu\/wp-json\/wp\/v2\/posts\/3687\/revisions\/3688"}],"wp:featuredmedia":[{"embeddable":true,"href":"https:\/\/zsidai.com\/hu\/wp-json\/wp\/v2\/media\/4161"}],"wp:attachment":[{"href":"https:\/\/zsidai.com\/hu\/wp-json\/wp\/v2\/media?parent=3687"}],"wp:term":[{"taxonomy":"category","embeddable":true,"href":"https:\/\/zsidai.com\/hu\/wp-json\/wp\/v2\/categories?post=3687"},{"taxonomy":"post_tag","embeddable":true,"href":"https:\/\/zsidai.com\/hu\/wp-json\/wp\/v2\/tags?post=3687"}],"curies":[{"name":"wp","href":"https:\/\/api.w.org\/{rel}","templated":true}]}}