{"id":3711,"date":"2025-05-04T10:39:14","date_gmt":"2025-05-04T10:39:14","guid":{"rendered":"https:\/\/zsrevamp.com\/?p=3711"},"modified":"2025-05-06T13:30:42","modified_gmt":"2025-05-06T13:30:42","slug":"csaladi-nap","status":"publish","type":"post","link":"https:\/\/zsidai.com\/hu\/csaladi-nap\/","title":{"rendered":"CSAL\u00c1DI NAP"},"content":{"rendered":"\n<p>A c\u00e9g bejelentette, hogy csal\u00e1di nap megrendez\u00e9s\u00e9re k\u00e9sz\u00fcl? Ismerje meg pontosan mit jelent a csal\u00e1di nap kifejez\u00e9s, \u00e9s mire sz\u00e1m\u00edthat a csal\u00e1di nap sor\u00e1n!<\/p>\n\n\n\n<p>A csal\u00e1di nap egy olyan c\u00e9ges, corporate esem\u00e9ny, l\u00e9nyeg\u00e9ben egy csapat\u00e9p\u00edt\u0151 rendezv\u00e9ny, amelyre nem csak a koll\u00e9g\u00e1k, de a koll\u00e9g\u00e1k sz\u0171k csal\u00e1di k\u00f6re (p\u00e1rja, gyermekei) is megh\u00edv\u00e1sra ker\u00fclnek.<\/p>\n\n\n\n<p>A csal\u00e1di nap egy egyre elterjedtebb c\u00e9ges rendezv\u00e9ny forma. A csal\u00e1di nap alkalm\u00e1val a v\u00e1llalat olyan m\u00f3don tudja a koll\u00e9g\u00e1k kapcsolatait \u00e9p\u00edteni, hogy k\u00f6zben nem vesz el a munkat\u00e1rsak csal\u00e1ddal t\u00f6lt\u00f6tt idej\u00e9b\u0151l. A dolgoz\u00f3i el\u00e9gedetts\u00e9g, a kommunik\u00e1ci\u00f3 \u00e9s a j\u00f3 kapcsolatok ki\u00e9p\u00edt\u00e9s\u00e9nek egy fontos l\u00e9p\u00e9se a csal\u00e1di napok szervez\u00e9se, hiszen itt a koll\u00e9g\u00e1k nem csak egym\u00e1st, de a m\u00e1sik otthoni val\u00f3s\u00e1g\u00e1t, \u00e9let\u00e9t is jobban megismerhetik, csal\u00e1di bar\u00e1ts\u00e1gok k\u00f6ttethetnek, amely hossz\u00fa t\u00e1von pozit\u00edvan hat ki a v\u00e1llalat \u00e9let\u00e9re, a munkat\u00e1rsak hat\u00e9konys\u00e1g\u00e1ra is.&nbsp;<\/p>\n\n\n\n<p>Amennyiben ilyen szervez\u00e9s\u00e9t tervezi, ide kattintva ismerheti meg a legjobb helysz\u00edneinket: csal\u00e1di nap helysz\u00ednek Budapesten<\/p>\n\n\n\n<p><\/p>\n","protected":false},"excerpt":{"rendered":"<p>A c\u00e9g bejelentette, hogy csal\u00e1di nap megrendez\u00e9s\u00e9re k\u00e9sz\u00fcl? Ismerje meg pontosan mit jelent a csal\u00e1di nap kifejez\u00e9s, \u00e9s mire sz\u00e1m\u00edthat a csal\u00e1di nap sor\u00e1n! A csal\u00e1di nap egy olyan c\u00e9ges, corporate esem\u00e9ny, l\u00e9nyeg\u00e9ben egy csapat\u00e9p\u00edt\u0151 rendezv\u00e9ny, amelyre nem csak a koll\u00e9g\u00e1k, de a koll\u00e9g\u00e1k sz\u0171k csal\u00e1di k\u00f6re (p\u00e1rja, gyermekei) is megh\u00edv\u00e1sra ker\u00fclnek. A csal\u00e1di nap [&hellip;]<\/p>\n","protected":false},"author":2,"featured_media":4198,"comment_status":"closed","ping_status":"closed","sticky":false,"template":"","format":"standard","meta":{"footnotes":""},"categories":[12],"tags":[],"class_list":["post-3711","post","type-post","status-publish","format-standard","has-post-thumbnail","hentry","category-uncategorized-hu"],"_links":{"self":[{"href":"https:\/\/zsidai.com\/hu\/wp-json\/wp\/v2\/posts\/3711","targetHints":{"allow":["GET"]}}],"collection":[{"href":"https:\/\/zsidai.com\/hu\/wp-json\/wp\/v2\/posts"}],"about":[{"href":"https:\/\/zsidai.com\/hu\/wp-json\/wp\/v2\/types\/post"}],"author":[{"embeddable":true,"href":"https:\/\/zsidai.com\/hu\/wp-json\/wp\/v2\/users\/2"}],"replies":[{"embeddable":true,"href":"https:\/\/zsidai.com\/hu\/wp-json\/wp\/v2\/comments?post=3711"}],"version-history":[{"count":1,"href":"https:\/\/zsidai.com\/hu\/wp-json\/wp\/v2\/posts\/3711\/revisions"}],"predecessor-version":[{"id":3712,"href":"https:\/\/zsidai.com\/hu\/wp-json\/wp\/v2\/posts\/3711\/revisions\/3712"}],"wp:featuredmedia":[{"embeddable":true,"href":"https:\/\/zsidai.com\/hu\/wp-json\/wp\/v2\/media\/4198"}],"wp:attachment":[{"href":"https:\/\/zsidai.com\/hu\/wp-json\/wp\/v2\/media?parent=3711"}],"wp:term":[{"taxonomy":"category","embeddable":true,"href":"https:\/\/zsidai.com\/hu\/wp-json\/wp\/v2\/categories?post=3711"},{"taxonomy":"post_tag","embeddable":true,"href":"https:\/\/zsidai.com\/hu\/wp-json\/wp\/v2\/tags?post=3711"}],"curies":[{"name":"wp","href":"https:\/\/api.w.org\/{rel}","templated":true}]}}